{"id":24366,"date":"2026-03-17T14:46:57","date_gmt":"2026-03-17T14:46:57","guid":{"rendered":"https:\/\/www.booksofall.com\/pt\/why-do-we-have-to-tackle-the-food-waste-problem\/"},"modified":"2026-03-17T14:46:57","modified_gmt":"2026-03-17T14:46:57","slug":"why-do-we-have-to-tackle-the-food-waste-problem","status":"publish","type":"post","link":"https:\/\/www.booksofall.com\/pt\/why-do-we-have-to-tackle-the-food-waste-problem\/","title":{"rendered":"Por que precisamos enfrentar o problema do desperd\u00edcio de alimentos?"},"content":{"rendered":"<div style=\"text-align:center\"><img alt='Why do we have to tackle the food waste problem?' class=\"attachment-post-thumbnail size-post-thumbnail wp-post-image\" decoding=\"async\" height=\"980\" loading=\"lazy\" src=\"https:\/\/www.booksofall.com\/wp-content\/uploads\/sites\/8\/2026\/03\/photo-1582408904325-adf33a0ec010ixlibrb-4.0.jpg\" title=\"Why do we have to tackle the food waste problem?\" width=\"1470\"\/><\/div>\n<p>A sa\u00fade das pessoas e do meio ambiente \u00e9 significativamente afetada pelos nossos sistemas alimentares globais. A agricultura foi identificada como a amea\u00e7a para 24.000 das 28.000 esp\u00e9cies (mais de 86%) em risco de extin\u00e7\u00e3o, al\u00e9m de ser respons\u00e1vel por at\u00e9 um ter\u00e7o das emiss\u00f5es de gases de efeito estufa ligadas aos seres humanos. Elas tamb\u00e9m s\u00e3o respons\u00e1veis pela extra\u00e7\u00e3o de 70% da \u00e1gua da natureza. O Relat\u00f3rio \u00cdndice de Desperd\u00edcio de Alimentos de 2021 da<a href=\"https:\/\/www.unep.org\/\"> Programa das Na\u00e7\u00f5es Unidas para o Meio Ambiente (PNUMA)<\/a> estima que 1 bilh\u00e3o de toneladas de alimentos s\u00e3o desperdi\u00e7adas anualmente em todo o mundo. Inacreditavelmente, um ter\u00e7o dos alimentos produzidos globalmente \u00e9 perdido ou desperdi\u00e7ado. Torna-se cada vez mais imposs\u00edvel ignorar esses dados. Reformar nossos sistemas alimentares \u00e9 essencial para enfrentar as crises globais das mudan\u00e7as clim\u00e1ticas, perda de biodiversidade, polui\u00e7\u00e3o e desperd\u00edcio.<\/p>\n<div class=\"wp-block-uagb-image uagb-block-7c691d0c wp-block-uagb-image--layout-default wp-block-uagb-image--effect-static wp-block-uagb-image--align-none\">\n<figure class=\"wp-block-uagb-image__figure\"><img alt=\"\" decoding=\"async\" height=\"1041\" loading=\"lazy\" src=\"https:\/\/www.booksofall.com\/wp-content\/uploads\/2023\/01\/img_63be626c07624.jpg\" srcset=\"https:\/\/www.booksofall.com\/wp-content\/uploads\/2023\/01\/img_63be626c07624.jpg 1024w\" title=\"\" width=\"953\"\/><\/figure>\n<\/div>\n<p><em>Foto de <a href=\"https:\/\/unsplash.com\/photos\/7fQ6UXXFgfM\">@Jasmin Sessler<\/a><\/em><\/p>\n<p class=\"has-large-font-size\"><strong>O que \u00e9 desperd\u00edcio de alimentos?<\/strong><\/p>\n<p>Alimentos que s\u00e3o descartados ou perdidos sem serem consumidos s\u00e3o chamados de desperd\u00edcio de alimentos ou perda de alimentos. N\u00e3o apenas o alimento em si \u00e9 desperdi\u00e7ado, mas tamb\u00e9m todos os recursos necess\u00e1rios para produzi-lo, incluindo trabalho, terra e \u00e1gua.<\/p>\n<p class=\"has-large-font-size\"><strong>Cadeia de desperd\u00edcio de alimentos<\/strong><\/p>\n<ol class=\"wp-block-list\">\n<li>Durante o processo de produ\u00e7\u00e3o de alimentos, 32% dos alimentos do mundo s\u00e3o perdidos devido \u00e0s exig\u00eancias sociais por frutas e legumes com boa apar\u00eancia.<\/li>\n<li>Falhas no manuseio podem afetar a qualidade do produto nas etapas de manuseio, processamento e armazenamento, a fim de atender aos requisitos do produtor para serem comercializados.<\/li>\n<li>O \u00faltimo passo \u00e9 quando os alimentos s\u00e3o entregues em lojas e supermercados para serem vendidos aos clientes. Os alimentos t\u00eam uma vida \u00fatil finita, portanto o desperd\u00edcio ocorre aqui. A rotulagem de datas nos produtos, que pode ser desigual e amb\u00edgua, determina a durabilidade.<\/li>\n<\/ol>\n<p class=\"has-large-font-size\"><strong>Por que a perda e o desperd\u00edcio de alimentos devem ser minimizados?<\/strong><\/p>\n<ul class=\"wp-block-list\">\n<li><strong>Se nossos sistemas alimentares n\u00e3o forem sustent\u00e1veis, eles n\u00e3o poder\u00e3o ser resilientes.<\/strong><br \/>Devemos priorizar a implementa\u00e7\u00e3o de estrat\u00e9gias integradas destinadas a reduzir a perda e o desperd\u00edcio de alimentos, pois nossos sistemas alimentares n\u00e3o podem ser resilientes se n\u00e3o forem sustent\u00e1veis. Para aproveitar ao m\u00e1ximo os alimentos que produzimos, s\u00e3o necess\u00e1rias a\u00e7\u00f5es globais e locais. A implementa\u00e7\u00e3o dessa transi\u00e7\u00e3o radical depender\u00e1 da introdu\u00e7\u00e3o de tecnologias, solu\u00e7\u00f5es criativas (como sistemas m\u00f3veis dobr\u00e1veis de processamento de alimentos e plataformas de com\u00e9rcio eletr\u00f4nico para marketing), novos m\u00e9todos de trabalho e melhores pr\u00e1ticas para monitorar a qualidade dos alimentos e minimizar a perda e o desperd\u00edcio.<\/li>\n<\/ul>\n<ul class=\"wp-block-list\">\n<li><strong>A sustentabilidade dos nossos sistemas alimentares est\u00e1 amea\u00e7ada pela perda e desperd\u00edcio de alimentos.<\/strong><br \/>A sustentabilidade dos nossos sistemas alimentares est\u00e1 amea\u00e7ada pela perda e desperd\u00edcio de alimentos. Todos os recursos \u2014 incluindo \u00e1gua, terra, energia, trabalho e capital \u2014 que foram utilizados para produzir os alimentos s\u00e3o desperdi\u00e7ados quando esses alimentos s\u00e3o perdidos ou descartados. Al\u00e9m disso, o enterramento de res\u00edduos alimentares produz emiss\u00f5es de gases de efeito estufa que contribuem para as mudan\u00e7as clim\u00e1ticas. A seguran\u00e7a alimentar e a disponibilidade tamb\u00e9m podem ser significativamente afetadas pela perda e desperd\u00edcio de alimentos, o que consequentemente eleva os pre\u00e7os dos alimentos.<\/li>\n<\/ul>\n<p class=\"has-large-font-size\"><strong>Para saber mais\u2026<\/strong><\/p>\n<p>Leia os livros abaixo para entender melhor sobre o problema global de desperd\u00edcio de alimentos!<\/p>\n<div class=\"wp-block-bwgb-products bwgb-products bwgb-fef3cba bwgb-products__style-v1\" id=\"bwgb-fef3cba\">\n<div class=\"wp-block-bwgb-products__inner\">\n<div class=\"wp-block-bwgb-products__content\" data-attributes='{\"UAGHideDesktop\":false,\"UAGHideMob\":false,\"UAGHideTab\":false,\"UAGLoggedIn\":false,\"UAGLoggedOut\":false,\"UAGResponsiveConditions\":false,\"addToCartColor\":\"\",\"addToCartFontFamily\":\"\",\"addToCartFontSize\":\"\",\"addToCartFontSizeUnit\":\"px\",\"addToCartFontWeight\":\"\",\"addToCartLetterSpacing\":\"\",\"addToCartLineHeight\":\"\",\"addToCartLineHeightUnit\":\"em\",\"addToCartMobileFontSize\":\"\",\"addToCartMobileFontSizeUnit\":\"px\",\"addToCartMobileLineHeight\":\"\",\"addToCartMobileLineHeightUnit\":\"em\",\"addToCartTabletFontSize\":\"\",\"addToCartTabletFontSizeUnit\":\"px\",\"addToCartTabletLineHeight\":\"\",\"addToCartTabletLineHeightUnit\":\"em\",\"addToCartTextTransform\":\"\",\"attrOperator\":\"any\",\"attribute\":[],\"backgroundColor\":\"\",\"bestSelling\":false,\"blockActionText\":\"View All\",\"blockActionTextColor\":\"\",\"blockActionTextFontFamily\":\"\",\"blockActionTextFontSize\":\"\",\"blockActionTextFontSizeUnit\":\"px\",\"blockActionTextFontWeight\":\"\",\"blockActionTextLetterSpacing\":\"\",\"blockActionTextLineHeight\":\"\",\"blockActionTextLineHeightUnit\":\"em\",\"blockActionTextLink\":\"#\",\"blockActionTextLinkNewTab\":false,\"blockActionTextMobileFontSize\":\"\",\"blockActionTextMobileFontSizeUnit\":\"px\",\"blockActionTextMobileLineHeight\":\"\",\"blockActionTextMobileLineHeightUnit\":\"em\",\"blockActionTextTabletFontSize\":\"\",\"blockActionTextTabletFontSizeUnit\":\"px\",\"blockActionTextTabletLineHeight\":\"\",\"blockActionTextTabletLineHeightUnit\":\"em\",\"blockActionTextTextTransform\":\"\",\"blockHeight\":\"\",\"blockHeightUnit\":\"px\",\"blockHorizontalAlign\":\"\",\"blockTitle\":\"Products Block Title\",\"blockTitleAlign\":\"\",\"blockTitleBottomMargin\":\"\",\"blockTitleColor\":\"\",\"blockTitleFontFamily\":\"\",\"blockTitleFontSize\":\"\",\"blockTitleFontSizeUnit\":\"px\",\"blockTitleFontWeight\":\"\",\"blockTitleLetterSpacing\":\"\",\"blockTitleLineHeight\":\"\",\"blockTitleLineHeightUnit\":\"em\",\"blockTitleMobileAlign\":\"\",\"blockTitleMobileBottomMargin\":\"\",\"blockTitleMobileFontSize\":\"\",\"blockTitleMobileFontSizeUnit\":\"px\",\"blockTitleMobileLineHeight\":\"\",\"blockTitleMobileLineHeightUnit\":\"em\",\"blockTitleTabletAlign\":\"\",\"blockTitleTabletBottomMargin\":\"\",\"blockTitleTabletFontSize\":\"\",\"blockTitleTabletFontSizeUnit\":\"px\",\"blockTitleTabletLineHeight\":\"\",\"blockTitleTabletLineHeightUnit\":\"em\",\"blockTitleTag\":\"\",\"blockTitleTextTransform\":\"\",\"blockVerticalAlign\":\"\",\"blockWidth\":\"\",\"blockWidthUnit\":\"px\",\"borderRadius\":\"\",\"catOperator\":\"any\",\"categories\":[],\"className\":\"wp-block-bwgb-products bwgb-products bwgb-fef3cba\",\"columns\":3,\"compareColor\":\"\",\"compareFontFamily\":\"\",\"compareFontSize\":\"\",\"compareFontSizeUnit\":\"px\",\"compareFontWeight\":\"\",\"compareLetterSpacing\":\"\",\"compareLineHeight\":\"\",\"compareLineHeightUnit\":\"em\",\"compareMobileFontSize\":\"\",\"compareMobileFontSizeUnit\":\"px\",\"compareMobileLineHeight\":\"\",\"compareMobileLineHeightUnit\":\"em\",\"compareTabletFontSize\":\"\",\"compareTabletFontSizeUnit\":\"px\",\"compareTabletLineHeight\":\"\",\"compareTabletLineHeightUnit\":\"em\",\"compareTextTransform\":\"\",\"customCSS\":\"\",\"customCSSCompiled\":\"\",\"customCSSUniqueID\":\"\",\"design\":\"style-v1\",\"discountBadgeBackgroundColor\":\"\",\"discountBadgeColor\":\"\",\"discountBadgeFontFamily\":\"\",\"discountBadgeFontSize\":\"\",\"discountBadgeFontSizeUnit\":\"px\",\"discountBadgeFontWeight\":\"\",\"discountBadgeLetterSpacing\":\"\",\"discountBadgeLineHeight\":\"\",\"discountBadgeLineHeightUnit\":\"em\",\"discountBadgeMobileFontSize\":\"\",\"discountBadgeMobileFontSizeUnit\":\"px\",\"discountBadgeMobileLineHeight\":\"\",\"discountBadgeMobileLineHeightUnit\":\"em\",\"discountBadgeTabletFontSize\":\"\",\"discountBadgeTabletFontSizeUnit\":\"px\",\"discountBadgeTabletLineHeight\":\"\",\"discountBadgeTabletLineHeightUnit\":\"em\",\"discountBadgeTextTransform\":\"\",\"enableBackgroundColor\":false,\"enableBorder\":true,\"enableContainer\":false,\"enableHoverProductWhite\":false,\"enablePrimaryBorderHover\":true,\"enableProductWhite\":false,\"enableResponsiveLimits\":false,\"enableRoundedBorder\":false,\"exclude\":[],\"hideDesktop\":false,\"hideMobile\":false,\"hideTablet\":false,\"icon\":\"flaticon flaticon-next\",\"imageBottomMargin\":\"\",\"imageMobileBottomMargin\":\"\",\"imageTabletBottomMargin\":\"\",\"lgColumns\":2,\"limit\":6,\"marginBottom\":\"\",\"marginBottomCount\":2,\"marginLeft\":\"\",\"marginRight\":\"\",\"marginTop\":\"\",\"marginUnit\":\"px\",\"mdColumns\":2,\"mobileBlockHeight\":\"\",\"mobileBlockHeightUnit\":\"px\",\"mobileBlockHorizontalAlign\":\"\",\"mobileBlockVerticalAlign\":\"\",\"mobileBlockWidth\":\"\",\"mobileBlockWidthUnit\":\"px\",\"mobileMarginBottom\":\"\",\"mobileMarginLeft\":\"\",\"mobileMarginRight\":\"\",\"mobileMarginTop\":\"\",\"mobileMarginUnit\":\"px\",\"mobilePaddingBottom\":\"\",\"mobilePaddingLeft\":\"\",\"mobilePaddingRight\":\"\",\"mobilePaddingTop\":\"\",\"mobilePaddingUnit\":\"px\",\"onSale\":false,\"order\":\"ASC\",\"orderby\":\"title\",\"paddingBottom\":\"\",\"paddingLeft\":\"\",\"paddingRight\":\"\",\"paddingTop\":\"\",\"paddingUnit\":\"px\",\"productAuthorBottomMargin\":\"\",\"productAuthorColor\":\"\",\"productAuthorFontFamily\":\"\",\"productAuthorFontSize\":\"\",\"productAuthorFontSizeUnit\":\"px\",\"productAuthorFontWeight\":\"\",\"productAuthorLetterSpacing\":\"\",\"productAuthorLineHeight\":\"\",\"productAuthorLineHeightUnit\":\"em\",\"productAuthorMobileBottomMargin\":\"\",\"productAuthorMobileFontSize\":\"\",\"productAuthorMobileFontSizeUnit\":\"px\",\"productAuthorMobileLineHeight\":\"\",\"productAuthorMobileLineHeightUnit\":\"em\",\"productAuthorTabletBottomMargin\":\"\",\"productAuthorTabletFontSize\":\"\",\"productAuthorTabletFontSizeUnit\":\"px\",\"productAuthorTabletLineHeight\":\"\",\"productAuthorTabletLineHeightUnit\":\"em\",\"productAuthorTextTransform\":\"\",\"productCenterAlign\":false,\"productFormatBottomMargin\":\"\",\"productFormatColor\":\"\",\"productFormatFontFamily\":\"\",\"productFormatFontSize\":\"\",\"productFormatFontSizeUnit\":\"px\",\"productFormatFontWeight\":\"\",\"productFormatLetterSpacing\":\"\",\"productFormatLineHeight\":\"\",\"productFormatLineHeightUnit\":\"em\",\"productFormatMobileBottomMargin\":\"\",\"productFormatMobileFontSize\":\"\",\"productFormatMobileFontSizeUnit\":\"px\",\"productFormatMobileLineHeight\":\"\",\"productFormatMobileLineHeightUnit\":\"em\",\"productFormatTabletBottomMargin\":\"\",\"productFormatTabletFontSize\":\"\",\"productFormatTabletFontSizeUnit\":\"px\",\"productFormatTabletLineHeight\":\"\",\"productFormatTabletLineHeightUnit\":\"em\",\"productFormatTextTransform\":\"\",\"productImageSize\":\"120x183-crop\",\"productNormalPriceColor\":\"\",\"productNormalPriceFontFamily\":\"\",\"productNormalPriceFontSize\":\"\",\"productNormalPriceFontSizeUnit\":\"px\",\"productNormalPriceFontWeight\":\"\",\"productNormalPriceLetterSpacing\":\"\",\"productNormalPriceLineHeight\":\"\",\"productNormalPriceLineHeightUnit\":\"em\",\"productNormalPriceMobileFontSize\":\"\",\"productNormalPriceMobileFontSizeUnit\":\"px\",\"productNormalPriceMobileLineHeight\":\"\",\"productNormalPriceMobileLineHeightUnit\":\"em\",\"productNormalPriceTabletFontSize\":\"\",\"productNormalPriceTabletFontSizeUnit\":\"px\",\"productNormalPriceTabletLineHeight\":\"\",\"productNormalPriceTabletLineHeightUnit\":\"em\",\"productNormalPriceTextTransform\":\"\",\"productPriceBottomMargin\":\"\",\"productPriceColor\":\"\",\"productPriceFontFamily\":\"\",\"productPriceFontSize\":\"\",\"productPriceFontSizeUnit\":\"px\",\"productPriceFontWeight\":\"\",\"productPriceLetterSpacing\":\"\",\"productPriceLineHeight\":\"\",\"productPriceLineHeightUnit\":\"em\",\"productPriceMobileBottomMargin\":\"\",\"productPriceMobileFontSize\":\"\",\"productPriceMobileFontSizeUnit\":\"px\",\"productPriceMobileLineHeight\":\"\",\"productPriceMobileLineHeightUnit\":\"em\",\"productPriceTabletBottomMargin\":\"\",\"productPriceTabletFontSize\":\"\",\"productPriceTabletFontSizeUnit\":\"px\",\"productPriceTabletLineHeight\":\"\",\"productPriceTabletLineHeightUnit\":\"em\",\"productPriceTextTransform\":\"\",\"productRatingBottomMargin\":\"\",\"productRatingColor\":\"\",\"productRatingCountColor\":\"\",\"productRatingCountFontFamily\":\"\",\"productRatingCountFontSize\":\"\",\"productRatingCountFontSizeUnit\":\"px\",\"productRatingCountFontWeight\":\"\",\"productRatingCountLetterSpacing\":\"\",\"productRatingCountLineHeight\":\"\",\"productRatingCountLineHeightUnit\":\"em\",\"productRatingCountMobileFontSize\":\"\",\"productRatingCountMobileFontSizeUnit\":\"px\",\"productRatingCountMobileLineHeight\":\"\",\"productRatingCountMobileLineHeightUnit\":\"em\",\"productRatingCountTabletFontSize\":\"\",\"productRatingCountTabletFontSizeUnit\":\"px\",\"productRatingCountTabletLineHeight\":\"\",\"productRatingCountTabletLineHeightUnit\":\"em\",\"productRatingCountTextTransform\":\"\",\"productRatingMobileBottomMargin\":\"\",\"productRatingTabletBottomMargin\":\"\",\"productTitleBottomMargin\":\"\",\"productTitleColor\":\"\",\"productTitleFontFamily\":\"\",\"productTitleFontSize\":\"\",\"productTitleFontSizeUnit\":\"px\",\"productTitleFontWeight\":\"\",\"productTitleLetterSpacing\":\"\",\"productTitleLineHeight\":\"\",\"productTitleLineHeightUnit\":\"em\",\"productTitleMobileBottomMargin\":\"\",\"productTitleMobileFontSize\":\"\",\"productTitleMobileFontSizeUnit\":\"px\",\"productTitleMobileLineHeight\":\"\",\"productTitleMobileLineHeightUnit\":\"em\",\"productTitleTabletBottomMargin\":\"\",\"productTitleTabletFontSize\":\"\",\"productTitleTabletFontSizeUnit\":\"px\",\"productTitleTabletLineHeight\":\"\",\"productTitleTabletLineHeightUnit\":\"em\",\"productTitleTextTransform\":\"\",\"products\":[11356,3814,11432,4716,11378,11343],\"responsiveLimit\":4,\"responsiveLimitClasses\":\"\",\"showAddToCart\":false,\"showAddToCartIconOnly\":false,\"showArrow\":true,\"showBlockActionText\":false,\"showBlockTitle\":false,\"showCompare\":false,\"showDiscountBadge\":false,\"showImage\":true,\"showProductAuthor\":false,\"showProductFormat\":true,\"showProductPrice\":false,\"showProductRating\":false,\"showProductRatingCount\":true,\"showProductTitle\":true,\"showWishlist\":false,\"tabletBlockHeight\":\"\",\"tabletBlockHeightUnit\":\"px\",\"tabletBlockHorizontalAlign\":\"\",\"tabletBlockVerticalAlign\":\"\",\"tabletBlockWidth\":\"\",\"tabletBlockWidthUnit\":\"px\",\"tabletMarginBottom\":\"\",\"tabletMarginLeft\":\"\",\"tabletMarginRight\":\"\",\"tabletMarginTop\":\"\",\"tabletMarginUnit\":\"px\",\"tabletPaddingBottom\":\"\",\"tabletPaddingLeft\":\"\",\"tabletPaddingRight\":\"\",\"tabletPaddingTop\":\"\",\"tabletPaddingUnit\":\"px\",\"tagOperator\":\"any\",\"tags\":[],\"topRated\":false,\"type\":\"products\",\"uniqueClass\":\"bwgb-fef3cba\",\"visibility\":\"visible\",\"wishlistColor\":\"\",\"wishlistFontFamily\":\"\",\"wishlistFontSize\":\"\",\"wishlistFontSizeUnit\":\"px\",\"wishlistFontWeight\":\"\",\"wishlistLetterSpacing\":\"\",\"wishlistLineHeight\":\"\",\"wishlistLineHeightUnit\":\"em\",\"wishlistMobileFontSize\":\"\",\"wishlistMobileFontSizeUnit\":\"px\",\"wishlistMobileLineHeight\":\"\",\"wishlistMobileLineHeightUnit\":\"em\",\"wishlistTabletFontSize\":\"\",\"wishlistTabletFontSizeUnit\":\"px\",\"wishlistTabletLineHeight\":\"\",\"wishlistTabletLineHeightUnit\":\"em\",\"wishlistTextTransform\":\"\",\"xlColumns\":2}'><\/div>\n<\/div>\n<\/div>\n","protected":false},"excerpt":{"rendered":"<p>A sa\u00fade das pessoas e do meio ambiente \u00e9 significativamente afetada pelos nossos sistemas alimentares globais. A agricultura foi identificada como a amea\u00e7a para 24.000 das 28.000 esp\u00e9cies (mais de 86%) em risco de extin\u00e7\u00e3o, al\u00e9m de ser respons\u00e1vel por at\u00e9 um ter\u00e7o das emiss\u00f5es de gases de efeito estufa ligadas aos seres humanos. Elas [&hellip;]<\/p>\n","protected":false},"author":4,"featured_media":0,"comment_status":"open","ping_status":"open","sticky":false,"template":"","format":"standard","meta":{"_yoast_wpseo_title":"","_yoast_wpseo_metadesc":"","fifu_image_url":"https:\/\/images.unsplash.com\/photo-1582408904325-adf33a0ec010?ixlib=rb-4.0.3&ixid=MnwxMjA3fDB8MHxwaG90by1wYWdlfHx8fGVufDB8fHx8&auto=format&fit=crop&w=1470&q=80","fifu_image_alt":"","footnotes":""},"categories":[232],"tags":[],"class_list":["post-24366","post","type-post","status-publish","format-standard","hentry","category-environment"],"yoast_head":"<!-- This site is optimized with the Yoast SEO plugin v27.1.1 - https:\/\/yoast.com\/product\/yoast-seo-wordpress\/ -->\n<title>Por que precisamos enfrentar o problema do desperd\u00edcio de alimentos? - BooksOfAll Portuguese<\/title>\n<meta name=\"robots\" content=\"index, follow, max-snippet:-1, max-image-preview:large, max-video-preview:-1\" \/>\n<link rel=\"canonical\" href=\"https:\/\/www.booksofall.com\/pt\/why-do-we-have-to-tackle-the-food-waste-problem\/\" \/>\n<meta property=\"og:locale\" content=\"pt_PT\" \/>\n<meta property=\"og:type\" content=\"article\" \/>\n<meta property=\"og:title\" content=\"Por que precisamos enfrentar o problema do desperd\u00edcio de alimentos? - BooksOfAll Portuguese\" \/>\n<meta property=\"og:description\" content=\"A sa\u00fade das pessoas e do meio ambiente \u00e9 significativamente afetada pelos nossos sistemas alimentares globais. A agricultura foi identificada como a amea\u00e7a para 24.000 das 28.000 esp\u00e9cies (mais de 86%) em risco de extin\u00e7\u00e3o, al\u00e9m de ser respons\u00e1vel por at\u00e9 um ter\u00e7o das emiss\u00f5es de gases de efeito estufa ligadas aos seres humanos. Elas [&hellip;]\" \/>\n<meta property=\"og:url\" content=\"https:\/\/www.booksofall.com\/pt\/why-do-we-have-to-tackle-the-food-waste-problem\/\" \/>\n<meta property=\"og:site_name\" content=\"BooksOfAll Portuguese\" \/>\n<meta property=\"article:published_time\" content=\"2026-03-17T14:46:57+00:00\" \/>\n<meta property=\"og:image\" content=\"https:\/\/images.unsplash.com\/photo-1582408904325-adf33a0ec010?ixlib=rb-4.0.3&ixid=MnwxMjA3fDB8MHxwaG90by1wYWdlfHx8fGVufDB8fHx8&auto=format&fit=crop&w=1470&q=80\" \/><meta property=\"og:image\" content=\"https:\/\/images.unsplash.com\/photo-1582408904325-adf33a0ec010?ixlib=rb-4.0.3&ixid=MnwxMjA3fDB8MHxwaG90by1wYWdlfHx8fGVufDB8fHx8&auto=format&fit=crop&w=1470&q=80\" \/>\n<meta name=\"author\" content=\"vpvera\" \/>\n<meta name=\"twitter:card\" content=\"summary_large_image\" \/>\n<meta name=\"twitter:image\" content=\"https:\/\/images.unsplash.com\/photo-1582408904325-adf33a0ec010?ixlib=rb-4.0.3&ixid=MnwxMjA3fDB8MHxwaG90by1wYWdlfHx8fGVufDB8fHx8&auto=format&fit=crop&w=1470&q=80\" \/>\n<meta name=\"twitter:label1\" content=\"Escrito por\" \/>\n\t<meta name=\"twitter:data1\" content=\"vpvera\" \/>\n\t<meta name=\"twitter:label2\" content=\"Tempo estimado de leitura\" \/>\n\t<meta name=\"twitter:data2\" content=\"3 minutos\" \/>\n<script type=\"application\/ld+json\" class=\"yoast-schema-graph\">{\"@context\":\"https:\/\/schema.org\",\"@graph\":[{\"@type\":\"Article\",\"@id\":\"https:\/\/www.booksofall.com\/pt\/why-do-we-have-to-tackle-the-food-waste-problem\/#article\",\"isPartOf\":{\"@id\":\"https:\/\/www.booksofall.com\/pt\/why-do-we-have-to-tackle-the-food-waste-problem\/\"},\"author\":{\"name\":\"vpvera\",\"@id\":\"https:\/\/www.booksofall.com\/pt\/#\/schema\/person\/c578cf71b95f83de653dad2a2722256c\"},\"headline\":\"Por que precisamos enfrentar o problema do desperd\u00edcio de alimentos?\",\"datePublished\":\"2026-03-17T14:46:57+00:00\",\"mainEntityOfPage\":{\"@id\":\"https:\/\/www.booksofall.com\/pt\/why-do-we-have-to-tackle-the-food-waste-problem\/\"},\"wordCount\":605,\"commentCount\":0,\"publisher\":{\"@id\":\"https:\/\/www.booksofall.com\/pt\/#organization\"},\"image\":{\"@id\":\"https:\/\/www.booksofall.com\/pt\/why-do-we-have-to-tackle-the-food-waste-problem\/#primaryimage\"},\"thumbnailUrl\":\"https:\/\/www.booksofall.com\/wp-content\/uploads\/sites\/8\/2026\/03\/photo-1582408904325-adf33a0ec010ixlibrb-4.0.jpg\",\"articleSection\":[\"Environment\"],\"inLanguage\":\"pt-PT\",\"potentialAction\":[{\"@type\":\"CommentAction\",\"name\":\"Comment\",\"target\":[\"https:\/\/www.booksofall.com\/pt\/why-do-we-have-to-tackle-the-food-waste-problem\/#respond\"]}]},{\"@type\":\"WebPage\",\"@id\":\"https:\/\/www.booksofall.com\/pt\/why-do-we-have-to-tackle-the-food-waste-problem\/\",\"url\":\"https:\/\/www.booksofall.com\/pt\/why-do-we-have-to-tackle-the-food-waste-problem\/\",\"name\":\"Por que precisamos enfrentar o problema do desperd\u00edcio de alimentos? - BooksOfAll Portuguese\",\"isPartOf\":{\"@id\":\"https:\/\/www.booksofall.com\/pt\/#website\"},\"primaryImageOfPage\":{\"@id\":\"https:\/\/www.booksofall.com\/pt\/why-do-we-have-to-tackle-the-food-waste-problem\/#primaryimage\"},\"image\":{\"@id\":\"https:\/\/www.booksofall.com\/pt\/why-do-we-have-to-tackle-the-food-waste-problem\/#primaryimage\"},\"thumbnailUrl\":\"https:\/\/www.booksofall.com\/wp-content\/uploads\/sites\/8\/2026\/03\/photo-1582408904325-adf33a0ec010ixlibrb-4.0.jpg\",\"datePublished\":\"2026-03-17T14:46:57+00:00\",\"breadcrumb\":{\"@id\":\"https:\/\/www.booksofall.com\/pt\/why-do-we-have-to-tackle-the-food-waste-problem\/#breadcrumb\"},\"inLanguage\":\"pt-PT\",\"potentialAction\":[{\"@type\":\"ReadAction\",\"target\":[\"https:\/\/www.booksofall.com\/pt\/why-do-we-have-to-tackle-the-food-waste-problem\/\"]}]},{\"@type\":\"ImageObject\",\"inLanguage\":\"pt-PT\",\"@id\":\"https:\/\/www.booksofall.com\/pt\/why-do-we-have-to-tackle-the-food-waste-problem\/#primaryimage\",\"url\":\"https:\/\/www.booksofall.com\/wp-content\/uploads\/sites\/8\/2026\/03\/photo-1582408904325-adf33a0ec010ixlibrb-4.0.jpg\",\"contentUrl\":\"https:\/\/www.booksofall.com\/wp-content\/uploads\/sites\/8\/2026\/03\/photo-1582408904325-adf33a0ec010ixlibrb-4.0.jpg\"},{\"@type\":\"BreadcrumbList\",\"@id\":\"https:\/\/www.booksofall.com\/pt\/why-do-we-have-to-tackle-the-food-waste-problem\/#breadcrumb\",\"itemListElement\":[{\"@type\":\"ListItem\",\"position\":1,\"name\":\"Home\",\"item\":\"https:\/\/www.booksofall.com\/pt\/\"},{\"@type\":\"ListItem\",\"position\":2,\"name\":\"Por que precisamos enfrentar o problema do desperd\u00edcio de alimentos?\"}]},{\"@type\":\"WebSite\",\"@id\":\"https:\/\/www.booksofall.com\/pt\/#website\",\"url\":\"https:\/\/www.booksofall.com\/pt\/\",\"name\":\"BooksOfAll Portuguese\",\"description\":\"Biggest IT eBooks library and learning resources - Free eBooks for programming, computing, artificial intelligence and more.\",\"publisher\":{\"@id\":\"https:\/\/www.booksofall.com\/pt\/#organization\"},\"potentialAction\":[{\"@type\":\"SearchAction\",\"target\":{\"@type\":\"EntryPoint\",\"urlTemplate\":\"https:\/\/www.booksofall.com\/pt\/?s={search_term_string}\"},\"query-input\":{\"@type\":\"PropertyValueSpecification\",\"valueRequired\":true,\"valueName\":\"search_term_string\"}}],\"inLanguage\":\"pt-PT\"},{\"@type\":\"Organization\",\"@id\":\"https:\/\/www.booksofall.com\/pt\/#organization\",\"name\":\"BooksOfAll Portuguese\",\"url\":\"https:\/\/www.booksofall.com\/pt\/\",\"logo\":{\"@type\":\"ImageObject\",\"inLanguage\":\"pt-PT\",\"@id\":\"https:\/\/www.booksofall.com\/pt\/#\/schema\/logo\/image\/\",\"url\":\"https:\/\/www.booksofall.com\/pt\/wp-content\/uploads\/sites\/8\/2022\/06\/booksofall-logo-2.png\",\"contentUrl\":\"https:\/\/www.booksofall.com\/pt\/wp-content\/uploads\/sites\/8\/2022\/06\/booksofall-logo-2.png\",\"width\":166,\"height\":30,\"caption\":\"BooksOfAll Portuguese\"},\"image\":{\"@id\":\"https:\/\/www.booksofall.com\/pt\/#\/schema\/logo\/image\/\"}},{\"@type\":\"Person\",\"@id\":\"https:\/\/www.booksofall.com\/pt\/#\/schema\/person\/c578cf71b95f83de653dad2a2722256c\",\"name\":\"vpvera\",\"image\":{\"@type\":\"ImageObject\",\"inLanguage\":\"pt-PT\",\"@id\":\"https:\/\/www.booksofall.com\/pt\/#\/schema\/person\/image\/\",\"url\":\"https:\/\/secure.gravatar.com\/avatar\/308f3b229618b77cd1764bf92dc496296ea49a0db7c1c881fa7c4f063b2b58da?s=96&d=mm&r=g\",\"contentUrl\":\"https:\/\/secure.gravatar.com\/avatar\/308f3b229618b77cd1764bf92dc496296ea49a0db7c1c881fa7c4f063b2b58da?s=96&d=mm&r=g\",\"caption\":\"vpvera\"},\"url\":\"https:\/\/www.booksofall.com\/pt\/author\/vpvera\/\"}]}<\/script>\n<!-- \/ Yoast SEO plugin. -->","yoast_head_json":{"title":"Por que precisamos enfrentar o problema do desperd\u00edcio de alimentos? - BooksOfAll Portuguese","robots":{"index":"index","follow":"follow","max-snippet":"max-snippet:-1","max-image-preview":"max-image-preview:large","max-video-preview":"max-video-preview:-1"},"canonical":"https:\/\/www.booksofall.com\/pt\/why-do-we-have-to-tackle-the-food-waste-problem\/","og_locale":"pt_PT","og_type":"article","og_title":"Por que precisamos enfrentar o problema do desperd\u00edcio de alimentos? - BooksOfAll Portuguese","og_description":"A sa\u00fade das pessoas e do meio ambiente \u00e9 significativamente afetada pelos nossos sistemas alimentares globais. A agricultura foi identificada como a amea\u00e7a para 24.000 das 28.000 esp\u00e9cies (mais de 86%) em risco de extin\u00e7\u00e3o, al\u00e9m de ser respons\u00e1vel por at\u00e9 um ter\u00e7o das emiss\u00f5es de gases de efeito estufa ligadas aos seres humanos. Elas [&hellip;]","og_url":"https:\/\/www.booksofall.com\/pt\/why-do-we-have-to-tackle-the-food-waste-problem\/","og_site_name":"BooksOfAll Portuguese","article_published_time":"2026-03-17T14:46:57+00:00","og_image":[{"url":"https:\/\/images.unsplash.com\/photo-1582408904325-adf33a0ec010?ixlib=rb-4.0.3&ixid=MnwxMjA3fDB8MHxwaG90by1wYWdlfHx8fGVufDB8fHx8&auto=format&fit=crop&w=1470&q=80","type":"","width":"","height":""},{"url":"https:\/\/images.unsplash.com\/photo-1582408904325-adf33a0ec010?ixlib=rb-4.0.3&ixid=MnwxMjA3fDB8MHxwaG90by1wYWdlfHx8fGVufDB8fHx8&auto=format&fit=crop&w=1470&q=80","type":"","width":"","height":""}],"author":"vpvera","twitter_card":"summary_large_image","twitter_image":"https:\/\/images.unsplash.com\/photo-1582408904325-adf33a0ec010?ixlib=rb-4.0.3&ixid=MnwxMjA3fDB8MHxwaG90by1wYWdlfHx8fGVufDB8fHx8&auto=format&fit=crop&w=1470&q=80","twitter_misc":{"Escrito por":"vpvera","Tempo estimado de leitura":"3 minutos"},"schema":{"@context":"https:\/\/schema.org","@graph":[{"@type":"Article","@id":"https:\/\/www.booksofall.com\/pt\/why-do-we-have-to-tackle-the-food-waste-problem\/#article","isPartOf":{"@id":"https:\/\/www.booksofall.com\/pt\/why-do-we-have-to-tackle-the-food-waste-problem\/"},"author":{"name":"vpvera","@id":"https:\/\/www.booksofall.com\/pt\/#\/schema\/person\/c578cf71b95f83de653dad2a2722256c"},"headline":"Por que precisamos enfrentar o problema do desperd\u00edcio de alimentos?","datePublished":"2026-03-17T14:46:57+00:00","mainEntityOfPage":{"@id":"https:\/\/www.booksofall.com\/pt\/why-do-we-have-to-tackle-the-food-waste-problem\/"},"wordCount":605,"commentCount":0,"publisher":{"@id":"https:\/\/www.booksofall.com\/pt\/#organization"},"image":{"@id":"https:\/\/www.booksofall.com\/pt\/why-do-we-have-to-tackle-the-food-waste-problem\/#primaryimage"},"thumbnailUrl":"https:\/\/www.booksofall.com\/wp-content\/uploads\/sites\/8\/2026\/03\/photo-1582408904325-adf33a0ec010ixlibrb-4.0.jpg","articleSection":["Environment"],"inLanguage":"pt-PT","potentialAction":[{"@type":"CommentAction","name":"Comment","target":["https:\/\/www.booksofall.com\/pt\/why-do-we-have-to-tackle-the-food-waste-problem\/#respond"]}]},{"@type":"WebPage","@id":"https:\/\/www.booksofall.com\/pt\/why-do-we-have-to-tackle-the-food-waste-problem\/","url":"https:\/\/www.booksofall.com\/pt\/why-do-we-have-to-tackle-the-food-waste-problem\/","name":"Por que precisamos enfrentar o problema do desperd\u00edcio de alimentos? - BooksOfAll Portuguese","isPartOf":{"@id":"https:\/\/www.booksofall.com\/pt\/#website"},"primaryImageOfPage":{"@id":"https:\/\/www.booksofall.com\/pt\/why-do-we-have-to-tackle-the-food-waste-problem\/#primaryimage"},"image":{"@id":"https:\/\/www.booksofall.com\/pt\/why-do-we-have-to-tackle-the-food-waste-problem\/#primaryimage"},"thumbnailUrl":"https:\/\/www.booksofall.com\/wp-content\/uploads\/sites\/8\/2026\/03\/photo-1582408904325-adf33a0ec010ixlibrb-4.0.jpg","datePublished":"2026-03-17T14:46:57+00:00","breadcrumb":{"@id":"https:\/\/www.booksofall.com\/pt\/why-do-we-have-to-tackle-the-food-waste-problem\/#breadcrumb"},"inLanguage":"pt-PT","potentialAction":[{"@type":"ReadAction","target":["https:\/\/www.booksofall.com\/pt\/why-do-we-have-to-tackle-the-food-waste-problem\/"]}]},{"@type":"ImageObject","inLanguage":"pt-PT","@id":"https:\/\/www.booksofall.com\/pt\/why-do-we-have-to-tackle-the-food-waste-problem\/#primaryimage","url":"https:\/\/www.booksofall.com\/wp-content\/uploads\/sites\/8\/2026\/03\/photo-1582408904325-adf33a0ec010ixlibrb-4.0.jpg","contentUrl":"https:\/\/www.booksofall.com\/wp-content\/uploads\/sites\/8\/2026\/03\/photo-1582408904325-adf33a0ec010ixlibrb-4.0.jpg"},{"@type":"BreadcrumbList","@id":"https:\/\/www.booksofall.com\/pt\/why-do-we-have-to-tackle-the-food-waste-problem\/#breadcrumb","itemListElement":[{"@type":"ListItem","position":1,"name":"Home","item":"https:\/\/www.booksofall.com\/pt\/"},{"@type":"ListItem","position":2,"name":"Por que precisamos enfrentar o problema do desperd\u00edcio de alimentos?"}]},{"@type":"WebSite","@id":"https:\/\/www.booksofall.com\/pt\/#website","url":"https:\/\/www.booksofall.com\/pt\/","name":"BooksOfAll Portuguese","description":"Biggest IT eBooks library and learning resources - Free eBooks for programming, computing, artificial intelligence and more.","publisher":{"@id":"https:\/\/www.booksofall.com\/pt\/#organization"},"potentialAction":[{"@type":"SearchAction","target":{"@type":"EntryPoint","urlTemplate":"https:\/\/www.booksofall.com\/pt\/?s={search_term_string}"},"query-input":{"@type":"PropertyValueSpecification","valueRequired":true,"valueName":"search_term_string"}}],"inLanguage":"pt-PT"},{"@type":"Organization","@id":"https:\/\/www.booksofall.com\/pt\/#organization","name":"BooksOfAll Portuguese","url":"https:\/\/www.booksofall.com\/pt\/","logo":{"@type":"ImageObject","inLanguage":"pt-PT","@id":"https:\/\/www.booksofall.com\/pt\/#\/schema\/logo\/image\/","url":"https:\/\/www.booksofall.com\/pt\/wp-content\/uploads\/sites\/8\/2022\/06\/booksofall-logo-2.png","contentUrl":"https:\/\/www.booksofall.com\/pt\/wp-content\/uploads\/sites\/8\/2022\/06\/booksofall-logo-2.png","width":166,"height":30,"caption":"BooksOfAll Portuguese"},"image":{"@id":"https:\/\/www.booksofall.com\/pt\/#\/schema\/logo\/image\/"}},{"@type":"Person","@id":"https:\/\/www.booksofall.com\/pt\/#\/schema\/person\/c578cf71b95f83de653dad2a2722256c","name":"vpvera","image":{"@type":"ImageObject","inLanguage":"pt-PT","@id":"https:\/\/www.booksofall.com\/pt\/#\/schema\/person\/image\/","url":"https:\/\/secure.gravatar.com\/avatar\/308f3b229618b77cd1764bf92dc496296ea49a0db7c1c881fa7c4f063b2b58da?s=96&d=mm&r=g","contentUrl":"https:\/\/secure.gravatar.com\/avatar\/308f3b229618b77cd1764bf92dc496296ea49a0db7c1c881fa7c4f063b2b58da?s=96&d=mm&r=g","caption":"vpvera"},"url":"https:\/\/www.booksofall.com\/pt\/author\/vpvera\/"}]}},"_links":{"self":[{"href":"https:\/\/www.booksofall.com\/pt\/wp-json\/wp\/v2\/posts\/24366","targetHints":{"allow":["GET"]}}],"collection":[{"href":"https:\/\/www.booksofall.com\/pt\/wp-json\/wp\/v2\/posts"}],"about":[{"href":"https:\/\/www.booksofall.com\/pt\/wp-json\/wp\/v2\/types\/post"}],"author":[{"embeddable":true,"href":"https:\/\/www.booksofall.com\/pt\/wp-json\/wp\/v2\/users\/4"}],"replies":[{"embeddable":true,"href":"https:\/\/www.booksofall.com\/pt\/wp-json\/wp\/v2\/comments?post=24366"}],"version-history":[{"count":0,"href":"https:\/\/www.booksofall.com\/pt\/wp-json\/wp\/v2\/posts\/24366\/revisions"}],"wp:attachment":[{"href":"https:\/\/www.booksofall.com\/pt\/wp-json\/wp\/v2\/media?parent=24366"}],"wp:term":[{"taxonomy":"category","embeddable":true,"href":"https:\/\/www.booksofall.com\/pt\/wp-json\/wp\/v2\/categories?post=24366"},{"taxonomy":"post_tag","embeddable":true,"href":"https:\/\/www.booksofall.com\/pt\/wp-json\/wp\/v2\/tags?post=24366"}],"curies":[{"name":"wp","href":"https:\/\/api.w.org\/{rel}","templated":true}]}}